{"id":908,"date":"2024-03-05T22:48:59","date_gmt":"2024-03-06T01:48:59","guid":{"rendered":"https:\/\/comoquiero.net\/blog\/?p=908"},"modified":"2024-05-09T07:03:09","modified_gmt":"2024-05-09T11:03:09","slug":"4-de-marzo-dia-mundial-de-la-obesidad","status":"publish","type":"post","link":"https:\/\/comoquiero.net\/blog\/4-de-marzo-dia-mundial-de-la-obesidad\/","title":{"rendered":"4 de marzo: d\u00eda mundial de la obesidad"},"content":{"rendered":"\n<p>Chile es de los pa\u00edses de Latinoam\u00e9rica y el mundo con mayores tasas de obesidad, tanto en la poblaci\u00f3n adulta como infantil. Con este art\u00edculo queremos concientizar sobre este tema y entregar las herramientas necesarias para empezar con el cambio.<\/p>\n\n\n\n<p><em>Por Clara Swinburn<\/em><\/p>\n\n\n\n<p><strong>\u00bfQu\u00e9 es la obesidad?<\/strong><\/p>\n\n\n\n<p>La obesidad se define como una acumulaci\u00f3n anormal o excesiva de <strong>masa grasa<\/strong> que puede ser perjudicial para la <a href=\"https:\/\/comoquiero.net\/es-CL\/search?name=vegetales\">salud<\/a> (OMS, 2024).<\/p>\n\n\n\n<p><\/p>\n\n\n\n<p><strong>\u00bfPor qu\u00e9 este exceso de masa grasa puede ser perjudicial para la salud?<\/strong><\/p>\n\n\n\n<p>Porque en presencia de obesidad, el tejido adiposo no s\u00f3lo aumenta en cantidad, generando problemas mec\u00e1nicos y f\u00edsicos en el organismo, si no que se vuelve <strong>disfuncional<\/strong>, generando problemas bioqu\u00edmicos en el organismo.<\/p>\n\n\n\n<p>Un tejido adiposo disfuncional es <strong>pro inflamatorio<\/strong>, pro oxidativo, genera resistencia a la insulina, <strong>empeora <\/strong>el funcionamiento de algunas c\u00e9lulas inmunes, entre otras cosas que desencadenan diversas enfermedades.<\/p>\n\n\n\n<p>Existe asociaci\u00f3n entre el exceso de tejido adiposo y el desarrollo de <strong>enfermedades<\/strong> como diabetes, hipertensi\u00f3n, colesterol alto, h\u00edgado graso, osteoartritis, apnea del sue\u00f1o, depresi\u00f3n, c\u00e1ncer, entre otras.<\/p>\n\n\n\n<p>El exceso de tejido adiposo se relaciona con <strong>muerte prematura<\/strong>, principalmente por eventos adversos como infarto agudo al miocardio (IAM) o accidente cerebrovascular (ACV).<\/p>\n\n\n\n<p><\/p>\n\n\n\n<p>La prevalencia de obesidad se ha <strong>duplicado <\/strong>desde el a\u00f1o 1980. Chile tiene una tasa de <strong>sobrepeso y obesidad<\/strong> de casi un 75%. <\/p>\n\n\n\n<p><\/p>\n\n\n\n<p><strong>\u00bfC\u00f3mo podemos evitar y\/o prevenir la obesidad?<\/strong><\/p>\n\n\n\n<p>Es importante hacer la distinci\u00f3n de que la obesidad es un problema de <strong>salud p\u00fablica<\/strong>, no es un tema de est\u00e9tica ni de aceptaci\u00f3n personal. En este sentido, la obesidad es de <strong>causas multifactoriales<\/strong>. No se debe \u00fanicamente a \u201ccomer mucho y moverse poco\u201d.<\/p>\n\n\n\n<p>La obesidad se comienza a gestar <strong>antes del embarazo<\/strong>. El estado nutricional de la madre en el momento de la concepci\u00f3n afecta el riesgo de obesidad de ese ni\u00f1o. Al igual que la alimentaci\u00f3n de la madre durante el embarazo, el tipo de parto (vaginal o ces\u00e1rea), el tipo de lactancia (materna o artificial), las primeras <a href=\"https:\/\/comoquiero.net\/es-CL\/search?name=colados\" data-type=\"URL\" data-id=\"https:\/\/comoquiero.net\/es-CL\/search?name=colados\">comidas<\/a>, la alimentaci\u00f3n hasta antes de los 2 a\u00f1os, la ganancia de peso durante la adolescencia, entre muchos otros factores nos predisponen a una ganancia excesiva de masa grasa en la adultez.<\/p>\n\n\n\n<p>Una vez que somos adultos, el sue\u00f1o, el estr\u00e9s, las hormonas, la carga gen\u00e9tica, el <strong>estilo de vida<\/strong> en general. Todo influye.<\/p>\n\n\n\n<p>Por otra parte, los factores <strong>socioecon\u00f3micos<\/strong> y <strong>culturales<\/strong> son igual de importantes. La oferta y <strong>acceso a alimentos<\/strong> es un determinante de salud de alt\u00edsimo peso. Pero podemos hacer cambios y podemos <strong>educar <\/strong>para mejorar esta situaci\u00f3n.<\/p>\n\n\n\n<p>No debemos <strong>culpar <\/strong>al paciente con exceso de masa grasa, pero s\u00ed debemos educar para que cada persona se haga responsable de las <strong>decisiones que afectan a su salud<\/strong> y es importante destacar la diferencia entre responsabilizar y culpabilizar.<\/p>\n\n\n\n<p><\/p>\n\n\n\n<p><strong>\u00bfC\u00f3mo abordamos el tema del estigma por peso y gordofobia?<\/strong><\/p>\n\n\n\n<p>Aclaremos algunas cosas:<\/p>\n\n\n\n<p>1. La <strong>diversidad corporal<\/strong> existe y es urgente empezar a hacernos a la idea y dejar de discriminar a las personas de tama\u00f1o grande.<\/p>\n\n\n\n<p>2. No podemos asociar cuerpo grande = enfermo y cuerpo delgado = sano. Eso es muy <strong>simplista <\/strong>y reduccionista, y la obesidad es bastante m\u00e1s complejo que eso.<\/p>\n\n\n\n<p><\/p>\n\n\n\n<p>La obesidad no tiene nada que ver con el <strong>valor de una persona,<\/strong> ni con sus <strong>conocimientos <\/strong>y <strong>capacidades<\/strong>. <\/p>\n\n\n\n<p>El <strong>estigma <\/strong>y <strong>discriminaci\u00f3n <\/strong>por peso existe y debemos encontrar la manera de erradicarlo.<\/p>\n\n\n\n<p>Una persona con exceso de masa grasa no es ni menos valiosa, ni menos capaz, ni peor persona. Un profesional de la salud con exceso de masa grasa no es menos competente.<\/p>\n\n\n\n<p>Pero,  minimizar el papel de la obesidad como causante de m\u00faltiples enfermedades, es poco sensato. Que no siempre existan relaciones de causalidad, sino que s\u00f3lo de asociaci\u00f3n, es porque en ciencia, cuando encuentras una asociaci\u00f3n negativa, no es \u00e9tico hacer un estudio para comprobar causalidad exponiendo a un grupo de personas al factor negativo en cuesti\u00f3n. Eso significar\u00eda comparar 2 grupos, uno con una dieta normocal\u00f3rica y uno con una dieta hipercal\u00f3rica, para que gane masa grasa en exceso y ver si tiene mayor riesgo de enfermar. \u00bfLo ves correcto?<\/p>\n\n\n\n<p><\/p>\n\n\n\n<ul>\n<li><strong>Discriminar<\/strong> por peso y por imagen corporal es gordofobia.<\/li>\n<\/ul>\n\n\n\n<ul>\n<li>Decir \u201ccome menos y mu\u00e9vete m\u00e1s\u201d es <strong>simplista<\/strong> y reduccionista.<\/li>\n<\/ul>\n\n\n\n<ul>\n<li>Educar sobre la <strong>diferencia <\/strong>entre la comida real y los productos elaborados ultraprocesados no es gordofobia.<\/li>\n<\/ul>\n\n\n\n<ul>\n<li>Ense\u00f1ar sobre porciones e instar a tomar mejores <strong>decisiones<\/strong> no es gordofobia.<\/li>\n<\/ul>\n\n\n\n<ul>\n<li>Informar sobre los <strong>riesgos<\/strong> que conlleva una ganancia excesiva de masa grasa no es gordofobia.<\/li>\n<\/ul>\n\n\n\n<p><strong>\u00bfC\u00f3mo abordamos el tema de la obesidad infantil?<\/strong><\/p>\n\n\n\n<p>La obesidad infantil es un tema serio. Si no <strong>actuamos a tiempo,<\/strong> un ni\u00f1o con obesidad se va a volver un adolescente con obesidad y posteriormente un adulto con obesidad, con todas las <strong>complicaciones <\/strong>que ello conlleva. La obesidad no es un tema de est\u00e9tica, es un tema de salud, y grave. Vamos a ser la primera generaci\u00f3n en tener <strong>peor esperanza de vida <\/strong>que la anterior debido a las enfermedades cr\u00f3nicas no transmisibles asociadas al exceso de peso y masa adiposa.<\/p>\n\n\n\n<ul>\n<li>Un ni\u00f1o gordito no es un ni\u00f1o sanito<\/li>\n<\/ul>\n\n\n\n<ul>\n<li>Un ni\u00f1o gordito no est\u00e1 m\u00e1s criadito<\/li>\n<\/ul>\n\n\n\n<p><br>Un ni\u00f1o con exceso de peso tiene riesgo de padecer todas las <strong>enfermedades<\/strong> o condiciones mencionadas m\u00e1s arriba.<\/p>\n\n\n\n<p>Es por esto que los <strong>adultos <\/strong>a cargo de la alimentaci\u00f3n de los ni\u00f1os son los \u00fanicos <strong>responsables<\/strong>. <\/p>\n\n\n\n<p><br>Pap\u00e1s: p\u00f3ngale ojo a la alimentaci\u00f3n de sus hijos. Ellos dependen de ustedes y nadie m\u00e1s que ustedes. Lo que ellos comer\u00e1n ser\u00e1 lo que ustedes les dar\u00e1n.<br>Abuelos: no \u201cmalcr\u00ede\u201d con comida. No \u201cregalonee\u201d con <a href=\"https:\/\/comoquiero.net\/es-CL\/search?name=avena\">golosinas<\/a>. No sea el \u201cabuelo de las galletas\u201d. Sea el abuelo entretenido y dedicado que juega con sus nietos, que le cuenta historias, que le lee libros. Eso es lo que queda en los recuerdos al final. <br><\/p>\n\n\n\n<p>Pong\u00e1monos serios si no queremos que nuestros ni\u00f1os se enfermen. Antiguamente, \u00e9stas eran las enfermedades de los adultos mayores. \u00daltimamente de los adultos. Y ahora llegaron a los ni\u00f1os.<br><br>Desde <a href=\"https:\/\/comoquiero.net\/es-CL\/\" data-type=\"URL\" data-id=\"https:\/\/comoquiero.net\/es-CL\/\">ComoQuiero<\/a> queremos realzar la alimentaci\u00f3n de antes. Una alimentaci\u00f3n familiar. Todos reunidos en la mesa. Con #comidadeverdad.<\/p>\n\n\n\n<p><\/p>\n\n\n\n<p><em>Escrito por: <\/em><\/p>\n\n\n\n<p>Clara Swinburn<\/p>\n\n\n\n<p>Nutricionista, Mg en Nutrici\u00f3n y Metabolismo<\/p>\n","protected":false},"excerpt":{"rendered":"<p>Chile es de los pa\u00edses de Latinoam\u00e9rica y el mundo con mayores tasas de obesidad, tanto en la poblaci\u00f3n adulta como infantil. Con este art\u00edculo queremos concientizar sobre este tema y entregar las herramientas necesarias para empezar con el cambio. Por Clara Swinburn \u00bfQu\u00e9 es la obesidad? La obesidad se define como una acumulaci\u00f3n anormal [&hellip;]<\/p>\n","protected":false},"author":4,"featured_media":926,"comment_status":"closed","ping_status":"open","sticky":false,"template":"","format":"standard","meta":{"footnotes":""},"categories":[50,49,52],"tags":[8,36,32,31,35],"_links":{"self":[{"href":"https:\/\/comoquiero.net\/blog\/wp-json\/wp\/v2\/posts\/908"}],"collection":[{"href":"https:\/\/comoquiero.net\/blog\/wp-json\/wp\/v2\/posts"}],"about":[{"href":"https:\/\/comoquiero.net\/blog\/wp-json\/wp\/v2\/types\/post"}],"author":[{"embeddable":true,"href":"https:\/\/comoquiero.net\/blog\/wp-json\/wp\/v2\/users\/4"}],"replies":[{"embeddable":true,"href":"https:\/\/comoquiero.net\/blog\/wp-json\/wp\/v2\/comments?post=908"}],"version-history":[{"count":6,"href":"https:\/\/comoquiero.net\/blog\/wp-json\/wp\/v2\/posts\/908\/revisions"}],"predecessor-version":[{"id":1047,"href":"https:\/\/comoquiero.net\/blog\/wp-json\/wp\/v2\/posts\/908\/revisions\/1047"}],"wp:featuredmedia":[{"embeddable":true,"href":"https:\/\/comoquiero.net\/blog\/wp-json\/wp\/v2\/media\/926"}],"wp:attachment":[{"href":"https:\/\/comoquiero.net\/blog\/wp-json\/wp\/v2\/media?parent=908"}],"wp:term":[{"taxonomy":"category","embeddable":true,"href":"https:\/\/comoquiero.net\/blog\/wp-json\/wp\/v2\/categories?post=908"},{"taxonomy":"post_tag","embeddable":true,"href":"https:\/\/comoquiero.net\/blog\/wp-json\/wp\/v2\/tags?post=908"}],"curies":[{"name":"wp","href":"https:\/\/api.w.org\/{rel}","templated":true}]}}